{"id":51006,"date":"2026-04-27T10:22:11","date_gmt":"2026-04-27T08:22:11","guid":{"rendered":"https:\/\/uecornella.cat\/?p=51006"},"modified":"2026-04-27T10:25:11","modified_gmt":"2026-04-27T08:25:11","slug":"ce-europa-b-2-1-ue-cornella-j32-tercera-rfef","status":"publish","type":"post","link":"https:\/\/uecornella.cat\/ca\/ce-europa-b-2-1-ue-cornella-j32-tercera-rfef\/","title":{"rendered":"CE EUROPA B 2-1 UE CORNELL\u00c0 (J32 TERCERA RFEF)"},"content":{"rendered":"<p>Derrota a domicili.<!--more--><\/p>\n<p>El Cornell\u00e0 va marxar sense recompensa de la seva visita al Nou Sardenya, en un partit en el qual va faltar encert i precisi\u00f3 en l&#8217;\u00e0rea, especialment en el tram final de partit.<\/p>\n<p>En una primera amb poc protagonisme de tots dos en atac, els locals van aprofitar l&#8217;\u00fanica aproximaci\u00f3 per avan\u00e7ar-se en el marcador, resultat amb el qual va finalitzar el primer temps.<\/p>\n<p>Despr\u00e9s del descans, els verds van tenir m\u00e9s domini per\u00f2 van encaixar el segon en una de les poques accions de perill local. A partir d&#8217;aqu\u00ed, l&#8217;equip va buscar la reacci\u00f3, aconseguint retallar dist\u00e0ncies mitjan\u00e7ant Gonzalo Pereira i tenint l&#8217;empat molt a prop en els minuts finals.<\/p>\n<p>Una derrota que no despista els nostres de l&#8217;objectiu d&#8217;arribar en les millors condicions a la disputa del playoff d&#8217;ascens a Segona Federaci\u00f3.<\/p>\n<p>La setmana vinent, pen\u00faltima jornada de lliga al Nou Municipal davant el CE Manresa (diumenge, 12:30h).<\/p>\n<ul>\n<li>Declaracions post-partit d&#8217;Ignasi Senabre: <a class=\"external\" href=\"https:\/\/x.com\/ue_cornella\/status\/2048534625169842428?s=20\" rel=\"nofollow\">CLIC AQU\u00cd<\/a><\/li>\n<\/ul>\n<p><strong>FITXA T\u00c8CNICA<\/strong><\/p>\n<p><em>Estadi<\/em>: Nou Sardenya<\/p>\n<p><em>Competici\u00f3<\/em>: Jornada 32 &#8211; Tercera Federaci\u00f3<\/p>\n<p><em>Gols<\/em>: 1-0 (Joel, 32\u2032) \/ 2-0 (Joel, 71\u2032) \/ 2-1 (Gonzalo, 87\u2032)<\/p>\n<p><em>\u00c0rbitre<\/em>: Pol Fonts Alabau. TG a Castillejo, Otger, Edo i Pau (EUR) \/ Alejandro, Ot, Marc Fdez., Ignasi i Stefan (UEC).<\/p>\n<p><strong>CE EUROPA B<\/strong>: Dami\u00e0. Jurado, Aiman, Sergi, Compte, Angl\u00e8s, Edo, Joel, Javi, Castillejo i Otger.<\/p>\n<p><strong>UE CORNELL\u00c0<\/strong>: Mi\u00f1o, De la Pe\u00f1a, Ot, Aliaga, Marc Fdez., Santi, Gonzalo, Alejandro, Moha, D\u00eddac i Stefan.<\/p>\n","protected":false},"excerpt":{"rendered":"<p>Derrota a domicili.<\/p>\n","protected":false},"author":2247,"featured_media":51003,"comment_status":"closed","ping_status":"closed","sticky":false,"template":"","format":"standard","meta":{"_acf_changed":false,"footnotes":""},"categories":[215,212,209,208],"tags":[],"class_list":["post-51006","post","type-post","status-publish","format-standard","has-post-thumbnail","hentry","category-actualitat","category-actualitat-primer-equip","category-cronica-ca","category-noticies"],"acf":[],"yoast_head":"<!-- This site is optimized with the Yoast SEO plugin v25.8 - https:\/\/yoast.com\/wordpress\/plugins\/seo\/ -->\n<title>CE EUROPA B 2-1 UE CORNELL\u00c0 (J32 TERCERA RFEF) - Uni\u00f3 Esportiva Cornell\u00e0<\/title>\n<meta name=\"robots\" content=\"index, follow, max-snippet:-1, max-image-preview:large, max-video-preview:-1\" \/>\n<link rel=\"canonical\" href=\"https:\/\/uecornella.cat\/ca\/ce-europa-b-2-1-ue-cornella-j32-tercera-rfef\/\" \/>\n<meta property=\"og:locale\" content=\"ca_ES\" \/>\n<meta property=\"og:type\" content=\"article\" \/>\n<meta property=\"og:title\" content=\"CE EUROPA B 2-1 UE CORNELL\u00c0 (J32 TERCERA RFEF) - Uni\u00f3 Esportiva Cornell\u00e0\" \/>\n<meta property=\"og:description\" content=\"Derrota a domicili.\" \/>\n<meta property=\"og:url\" content=\"https:\/\/uecornella.cat\/ca\/ce-europa-b-2-1-ue-cornella-j32-tercera-rfef\/\" \/>\n<meta property=\"og:site_name\" content=\"Uni\u00f3 Esportiva Cornell\u00e0\" \/>\n<meta property=\"article:publisher\" content=\"https:\/\/www.facebook.com\/UECornella?fref=ts\" \/>\n<meta property=\"article:published_time\" content=\"2026-04-27T08:22:11+00:00\" \/>\n<meta property=\"article:modified_time\" content=\"2026-04-27T08:25:11+00:00\" \/>\n<meta property=\"og:image\" content=\"http:\/\/uecornella.cat\/wp-content\/uploads\/2026\/04\/WhatsApp-Image-2026-04-27-at-06.17.28.jpeg\" \/>\n\t<meta property=\"og:image:width\" content=\"2560\" \/>\n\t<meta property=\"og:image:height\" content=\"1706\" \/>\n\t<meta property=\"og:image:type\" content=\"image\/jpeg\" \/>\n<meta name=\"author\" content=\"Alberto\" \/>\n<meta name=\"twitter:card\" content=\"summary_large_image\" \/>\n<meta name=\"twitter:creator\" content=\"@ue_cornella\" \/>\n<meta name=\"twitter:site\" content=\"@ue_cornella\" \/>\n<meta name=\"twitter:label1\" content=\"Escrit per\" \/>\n\t<meta name=\"twitter:data1\" content=\"Alberto\" \/>\n\t<meta name=\"twitter:label2\" content=\"Temps estimat de lectura\" \/>\n\t<meta name=\"twitter:data2\" content=\"2 minuts\" \/>\n<script type=\"application\/ld+json\" class=\"yoast-schema-graph\">{\"@context\":\"https:\/\/schema.org\",\"@graph\":[{\"@type\":\"Article\",\"@id\":\"https:\/\/uecornella.cat\/ca\/ce-europa-b-2-1-ue-cornella-j32-tercera-rfef\/#article\",\"isPartOf\":{\"@id\":\"https:\/\/uecornella.cat\/ca\/ce-europa-b-2-1-ue-cornella-j32-tercera-rfef\/\"},\"author\":{\"name\":\"Alberto\",\"@id\":\"https:\/\/uecornella.cat\/ca\/#\/schema\/person\/5461e8f6546c2aafc59aac7506719819\"},\"headline\":\"CE EUROPA B 2-1 UE CORNELL\u00c0 (J32 TERCERA RFEF)\",\"datePublished\":\"2026-04-27T08:22:11+00:00\",\"dateModified\":\"2026-04-27T08:25:11+00:00\",\"mainEntityOfPage\":{\"@id\":\"https:\/\/uecornella.cat\/ca\/ce-europa-b-2-1-ue-cornella-j32-tercera-rfef\/\"},\"wordCount\":257,\"publisher\":{\"@id\":\"https:\/\/uecornella.cat\/ca\/#organization\"},\"image\":{\"@id\":\"https:\/\/uecornella.cat\/ca\/ce-europa-b-2-1-ue-cornella-j32-tercera-rfef\/#primaryimage\"},\"thumbnailUrl\":\"https:\/\/uecornella.cat\/wp-content\/uploads\/2026\/04\/WhatsApp-Image-2026-04-27-at-06.17.28.jpeg\",\"articleSection\":[\"Actualitat\",\"Actualitat Primer Equip\",\"Cr\u00f2nica\",\"Not\u00edcies\"],\"inLanguage\":\"ca\"},{\"@type\":\"WebPage\",\"@id\":\"https:\/\/uecornella.cat\/ca\/ce-europa-b-2-1-ue-cornella-j32-tercera-rfef\/\",\"url\":\"https:\/\/uecornella.cat\/ca\/ce-europa-b-2-1-ue-cornella-j32-tercera-rfef\/\",\"name\":\"CE EUROPA B 2-1 UE CORNELL\u00c0 (J32 TERCERA RFEF) - Uni\u00f3 Esportiva Cornell\u00e0\",\"isPartOf\":{\"@id\":\"https:\/\/uecornella.cat\/ca\/#website\"},\"primaryImageOfPage\":{\"@id\":\"https:\/\/uecornella.cat\/ca\/ce-europa-b-2-1-ue-cornella-j32-tercera-rfef\/#primaryimage\"},\"image\":{\"@id\":\"https:\/\/uecornella.cat\/ca\/ce-europa-b-2-1-ue-cornella-j32-tercera-rfef\/#primaryimage\"},\"thumbnailUrl\":\"https:\/\/uecornella.cat\/wp-content\/uploads\/2026\/04\/WhatsApp-Image-2026-04-27-at-06.17.28.jpeg\",\"datePublished\":\"2026-04-27T08:22:11+00:00\",\"dateModified\":\"2026-04-27T08:25:11+00:00\",\"breadcrumb\":{\"@id\":\"https:\/\/uecornella.cat\/ca\/ce-europa-b-2-1-ue-cornella-j32-tercera-rfef\/#breadcrumb\"},\"inLanguage\":\"ca\",\"potentialAction\":[{\"@type\":\"ReadAction\",\"target\":[\"https:\/\/uecornella.cat\/ca\/ce-europa-b-2-1-ue-cornella-j32-tercera-rfef\/\"]}]},{\"@type\":\"ImageObject\",\"inLanguage\":\"ca\",\"@id\":\"https:\/\/uecornella.cat\/ca\/ce-europa-b-2-1-ue-cornella-j32-tercera-rfef\/#primaryimage\",\"url\":\"https:\/\/uecornella.cat\/wp-content\/uploads\/2026\/04\/WhatsApp-Image-2026-04-27-at-06.17.28.jpeg\",\"contentUrl\":\"https:\/\/uecornella.cat\/wp-content\/uploads\/2026\/04\/WhatsApp-Image-2026-04-27-at-06.17.28.jpeg\",\"width\":2560,\"height\":1706},{\"@type\":\"BreadcrumbList\",\"@id\":\"https:\/\/uecornella.cat\/ca\/ce-europa-b-2-1-ue-cornella-j32-tercera-rfef\/#breadcrumb\",\"itemListElement\":[{\"@type\":\"ListItem\",\"position\":1,\"name\":\"Portada\",\"item\":\"https:\/\/uecornella.cat\/ca\/\"},{\"@type\":\"ListItem\",\"position\":2,\"name\":\"CE EUROPA B 2-1 UE CORNELL\u00c0 (J32 TERCERA RFEF)\"}]},{\"@type\":\"WebSite\",\"@id\":\"https:\/\/uecornella.cat\/ca\/#website\",\"url\":\"https:\/\/uecornella.cat\/ca\/\",\"name\":\"Uni\u00f3 Esportiva Cornell\u00e0\",\"description\":\"Escuela de f\u00fatbol y club de f\u00fatbol de Cornell\u00e0\",\"publisher\":{\"@id\":\"https:\/\/uecornella.cat\/ca\/#organization\"},\"potentialAction\":[{\"@type\":\"SearchAction\",\"target\":{\"@type\":\"EntryPoint\",\"urlTemplate\":\"https:\/\/uecornella.cat\/ca\/?s={search_term_string}\"},\"query-input\":{\"@type\":\"PropertyValueSpecification\",\"valueRequired\":true,\"valueName\":\"search_term_string\"}}],\"inLanguage\":\"ca\"},{\"@type\":\"Organization\",\"@id\":\"https:\/\/uecornella.cat\/ca\/#organization\",\"name\":\"Uni\u00f3 Esportiva Cornell\u00e0\",\"url\":\"https:\/\/uecornella.cat\/ca\/\",\"logo\":{\"@type\":\"ImageObject\",\"inLanguage\":\"ca\",\"@id\":\"https:\/\/uecornella.cat\/ca\/#\/schema\/logo\/image\/\",\"url\":\"https:\/\/www.uecornella.cat\/wp-content\/uploads\/2022\/01\/apple-icon-144x144-1.png\",\"contentUrl\":\"https:\/\/www.uecornella.cat\/wp-content\/uploads\/2022\/01\/apple-icon-144x144-1.png\",\"width\":144,\"height\":144,\"caption\":\"Uni\u00f3 Esportiva Cornell\u00e0\"},\"image\":{\"@id\":\"https:\/\/uecornella.cat\/ca\/#\/schema\/logo\/image\/\"},\"sameAs\":[\"https:\/\/www.facebook.com\/UECornella?fref=ts\",\"https:\/\/x.com\/ue_cornella\",\"http:\/\/instagram.com\/uecornella\",\"https:\/\/www.youtube.com\/channel\/UCcwgya5MdVvxRn_MeD6A0vg\"]},{\"@type\":\"Person\",\"@id\":\"https:\/\/uecornella.cat\/ca\/#\/schema\/person\/5461e8f6546c2aafc59aac7506719819\",\"name\":\"Alberto\",\"image\":{\"@type\":\"ImageObject\",\"inLanguage\":\"ca\",\"@id\":\"https:\/\/uecornella.cat\/ca\/#\/schema\/person\/image\/\",\"url\":\"https:\/\/secure.gravatar.com\/avatar\/88cfb9cc05859e9f98fa45660f166e399532063623ab81b81f88226ac9333f8f?s=96&d=mm&r=g\",\"contentUrl\":\"https:\/\/secure.gravatar.com\/avatar\/88cfb9cc05859e9f98fa45660f166e399532063623ab81b81f88226ac9333f8f?s=96&d=mm&r=g\",\"caption\":\"Alberto\"}}]}<\/script>\n<!-- \/ Yoast SEO plugin. -->","yoast_head_json":{"title":"CE EUROPA B 2-1 UE CORNELL\u00c0 (J32 TERCERA RFEF) - Uni\u00f3 Esportiva Cornell\u00e0","robots":{"index":"index","follow":"follow","max-snippet":"max-snippet:-1","max-image-preview":"max-image-preview:large","max-video-preview":"max-video-preview:-1"},"canonical":"https:\/\/uecornella.cat\/ca\/ce-europa-b-2-1-ue-cornella-j32-tercera-rfef\/","og_locale":"ca_ES","og_type":"article","og_title":"CE EUROPA B 2-1 UE CORNELL\u00c0 (J32 TERCERA RFEF) - Uni\u00f3 Esportiva Cornell\u00e0","og_description":"Derrota a domicili.","og_url":"https:\/\/uecornella.cat\/ca\/ce-europa-b-2-1-ue-cornella-j32-tercera-rfef\/","og_site_name":"Uni\u00f3 Esportiva Cornell\u00e0","article_publisher":"https:\/\/www.facebook.com\/UECornella?fref=ts","article_published_time":"2026-04-27T08:22:11+00:00","article_modified_time":"2026-04-27T08:25:11+00:00","og_image":[{"width":2560,"height":1706,"url":"http:\/\/uecornella.cat\/wp-content\/uploads\/2026\/04\/WhatsApp-Image-2026-04-27-at-06.17.28.jpeg","type":"image\/jpeg"}],"author":"Alberto","twitter_card":"summary_large_image","twitter_creator":"@ue_cornella","twitter_site":"@ue_cornella","twitter_misc":{"Escrit per":"Alberto","Temps estimat de lectura":"2 minuts"},"schema":{"@context":"https:\/\/schema.org","@graph":[{"@type":"Article","@id":"https:\/\/uecornella.cat\/ca\/ce-europa-b-2-1-ue-cornella-j32-tercera-rfef\/#article","isPartOf":{"@id":"https:\/\/uecornella.cat\/ca\/ce-europa-b-2-1-ue-cornella-j32-tercera-rfef\/"},"author":{"name":"Alberto","@id":"https:\/\/uecornella.cat\/ca\/#\/schema\/person\/5461e8f6546c2aafc59aac7506719819"},"headline":"CE EUROPA B 2-1 UE CORNELL\u00c0 (J32 TERCERA RFEF)","datePublished":"2026-04-27T08:22:11+00:00","dateModified":"2026-04-27T08:25:11+00:00","mainEntityOfPage":{"@id":"https:\/\/uecornella.cat\/ca\/ce-europa-b-2-1-ue-cornella-j32-tercera-rfef\/"},"wordCount":257,"publisher":{"@id":"https:\/\/uecornella.cat\/ca\/#organization"},"image":{"@id":"https:\/\/uecornella.cat\/ca\/ce-europa-b-2-1-ue-cornella-j32-tercera-rfef\/#primaryimage"},"thumbnailUrl":"https:\/\/uecornella.cat\/wp-content\/uploads\/2026\/04\/WhatsApp-Image-2026-04-27-at-06.17.28.jpeg","articleSection":["Actualitat","Actualitat Primer Equip","Cr\u00f2nica","Not\u00edcies"],"inLanguage":"ca"},{"@type":"WebPage","@id":"https:\/\/uecornella.cat\/ca\/ce-europa-b-2-1-ue-cornella-j32-tercera-rfef\/","url":"https:\/\/uecornella.cat\/ca\/ce-europa-b-2-1-ue-cornella-j32-tercera-rfef\/","name":"CE EUROPA B 2-1 UE CORNELL\u00c0 (J32 TERCERA RFEF) - Uni\u00f3 Esportiva Cornell\u00e0","isPartOf":{"@id":"https:\/\/uecornella.cat\/ca\/#website"},"primaryImageOfPage":{"@id":"https:\/\/uecornella.cat\/ca\/ce-europa-b-2-1-ue-cornella-j32-tercera-rfef\/#primaryimage"},"image":{"@id":"https:\/\/uecornella.cat\/ca\/ce-europa-b-2-1-ue-cornella-j32-tercera-rfef\/#primaryimage"},"thumbnailUrl":"https:\/\/uecornella.cat\/wp-content\/uploads\/2026\/04\/WhatsApp-Image-2026-04-27-at-06.17.28.jpeg","datePublished":"2026-04-27T08:22:11+00:00","dateModified":"2026-04-27T08:25:11+00:00","breadcrumb":{"@id":"https:\/\/uecornella.cat\/ca\/ce-europa-b-2-1-ue-cornella-j32-tercera-rfef\/#breadcrumb"},"inLanguage":"ca","potentialAction":[{"@type":"ReadAction","target":["https:\/\/uecornella.cat\/ca\/ce-europa-b-2-1-ue-cornella-j32-tercera-rfef\/"]}]},{"@type":"ImageObject","inLanguage":"ca","@id":"https:\/\/uecornella.cat\/ca\/ce-europa-b-2-1-ue-cornella-j32-tercera-rfef\/#primaryimage","url":"https:\/\/uecornella.cat\/wp-content\/uploads\/2026\/04\/WhatsApp-Image-2026-04-27-at-06.17.28.jpeg","contentUrl":"https:\/\/uecornella.cat\/wp-content\/uploads\/2026\/04\/WhatsApp-Image-2026-04-27-at-06.17.28.jpeg","width":2560,"height":1706},{"@type":"BreadcrumbList","@id":"https:\/\/uecornella.cat\/ca\/ce-europa-b-2-1-ue-cornella-j32-tercera-rfef\/#breadcrumb","itemListElement":[{"@type":"ListItem","position":1,"name":"Portada","item":"https:\/\/uecornella.cat\/ca\/"},{"@type":"ListItem","position":2,"name":"CE EUROPA B 2-1 UE CORNELL\u00c0 (J32 TERCERA RFEF)"}]},{"@type":"WebSite","@id":"https:\/\/uecornella.cat\/ca\/#website","url":"https:\/\/uecornella.cat\/ca\/","name":"Uni\u00f3 Esportiva Cornell\u00e0","description":"Escuela de f\u00fatbol y club de f\u00fatbol de Cornell\u00e0","publisher":{"@id":"https:\/\/uecornella.cat\/ca\/#organization"},"potentialAction":[{"@type":"SearchAction","target":{"@type":"EntryPoint","urlTemplate":"https:\/\/uecornella.cat\/ca\/?s={search_term_string}"},"query-input":{"@type":"PropertyValueSpecification","valueRequired":true,"valueName":"search_term_string"}}],"inLanguage":"ca"},{"@type":"Organization","@id":"https:\/\/uecornella.cat\/ca\/#organization","name":"Uni\u00f3 Esportiva Cornell\u00e0","url":"https:\/\/uecornella.cat\/ca\/","logo":{"@type":"ImageObject","inLanguage":"ca","@id":"https:\/\/uecornella.cat\/ca\/#\/schema\/logo\/image\/","url":"https:\/\/www.uecornella.cat\/wp-content\/uploads\/2022\/01\/apple-icon-144x144-1.png","contentUrl":"https:\/\/www.uecornella.cat\/wp-content\/uploads\/2022\/01\/apple-icon-144x144-1.png","width":144,"height":144,"caption":"Uni\u00f3 Esportiva Cornell\u00e0"},"image":{"@id":"https:\/\/uecornella.cat\/ca\/#\/schema\/logo\/image\/"},"sameAs":["https:\/\/www.facebook.com\/UECornella?fref=ts","https:\/\/x.com\/ue_cornella","http:\/\/instagram.com\/uecornella","https:\/\/www.youtube.com\/channel\/UCcwgya5MdVvxRn_MeD6A0vg"]},{"@type":"Person","@id":"https:\/\/uecornella.cat\/ca\/#\/schema\/person\/5461e8f6546c2aafc59aac7506719819","name":"Alberto","image":{"@type":"ImageObject","inLanguage":"ca","@id":"https:\/\/uecornella.cat\/ca\/#\/schema\/person\/image\/","url":"https:\/\/secure.gravatar.com\/avatar\/88cfb9cc05859e9f98fa45660f166e399532063623ab81b81f88226ac9333f8f?s=96&d=mm&r=g","contentUrl":"https:\/\/secure.gravatar.com\/avatar\/88cfb9cc05859e9f98fa45660f166e399532063623ab81b81f88226ac9333f8f?s=96&d=mm&r=g","caption":"Alberto"}}]}},"_links":{"self":[{"href":"https:\/\/uecornella.cat\/ca\/wp-json\/wp\/v2\/posts\/51006","targetHints":{"allow":["GET"]}}],"collection":[{"href":"https:\/\/uecornella.cat\/ca\/wp-json\/wp\/v2\/posts"}],"about":[{"href":"https:\/\/uecornella.cat\/ca\/wp-json\/wp\/v2\/types\/post"}],"author":[{"embeddable":true,"href":"https:\/\/uecornella.cat\/ca\/wp-json\/wp\/v2\/users\/2247"}],"replies":[{"embeddable":true,"href":"https:\/\/uecornella.cat\/ca\/wp-json\/wp\/v2\/comments?post=51006"}],"version-history":[{"count":1,"href":"https:\/\/uecornella.cat\/ca\/wp-json\/wp\/v2\/posts\/51006\/revisions"}],"predecessor-version":[{"id":51007,"href":"https:\/\/uecornella.cat\/ca\/wp-json\/wp\/v2\/posts\/51006\/revisions\/51007"}],"wp:featuredmedia":[{"embeddable":true,"href":"https:\/\/uecornella.cat\/ca\/wp-json\/wp\/v2\/media\/51003"}],"wp:attachment":[{"href":"https:\/\/uecornella.cat\/ca\/wp-json\/wp\/v2\/media?parent=51006"}],"wp:term":[{"taxonomy":"category","embeddable":true,"href":"https:\/\/uecornella.cat\/ca\/wp-json\/wp\/v2\/categories?post=51006"},{"taxonomy":"post_tag","embeddable":true,"href":"https:\/\/uecornella.cat\/ca\/wp-json\/wp\/v2\/tags?post=51006"}],"curies":[{"name":"wp","href":"https:\/\/api.w.org\/{rel}","templated":true}]}}